[{"@context":"https:\/\/schema.org\/","@type":"Article","@id":"https:\/\/www.lafit.cz\/vanocni-trhy-v-berline\/#Article","mainEntityOfPage":"https:\/\/www.lafit.cz\/vanocni-trhy-v-berline\/","headline":"V\u00e1no\u010dn\u00ed trhy v Berl\u00edn\u011b","name":"V\u00e1no\u010dn\u00ed trhy v Berl\u00edn\u011b","description":"Stejn\u011b jako jin\u00e1 m\u011bsta, je\u017e opl\u00fdvaj\u00ed tradicemi a v\u00e1no\u010dn\u00ed atmosf\u00e9rou, nez\u016fst\u00e1v\u00e1 pozadu ani Berl\u00edn, hlavn\u00ed m\u011bsto N\u011bmecka. Hlavn\u00ed m\u011bsto sk\u00fdt\u00e1 na 50 a\u017e 100 v\u00e1no\u010dn\u00edch trh\u016f men\u0161\u00edch i velk\u00fdch, nejzn\u00e1m\u011bj\u0161\u00ed v\u00e1no\u010dn\u00ed trhy v&nbsp;centru m\u011bsta jsou na Gendarmenmarkt, Alexanderplatz, u \u010cerven\u00e9 radnice a u Opery. M\u00e9n\u011b zn\u00e1m\u00e9 trhy naleznete i d\u00e1l od centra ve Spandau a [&hellip;]","datePublished":"2019-12-19","dateModified":"2023-05-07","author":{"@type":"Person","@id":"https:\/\/www.lafit.cz\/author\/#Person","name":"","url":"https:\/\/www.lafit.cz\/author\/","identifier":1,"image":{"@type":"ImageObject","@id":"https:\/\/secure.gravatar.com\/avatar\/c0c0e488d5f88ebdb5e32a558e21f6df03f38644814b5677bcd67e16813bee55?s=96&d=mm&r=g","url":"https:\/\/secure.gravatar.com\/avatar\/c0c0e488d5f88ebdb5e32a558e21f6df03f38644814b5677bcd67e16813bee55?s=96&d=mm&r=g","height":96,"width":96}},"publisher":{"@type":"Organization","name":"lafit.cz","logo":{"@type":"ImageObject","@id":"\/logo.png","url":"\/logo.png","width":600,"height":60}},"image":{"@type":"ImageObject","@id":"https:\/\/www.lafit.cz\/wp-content\/uploads\/img_a364141_w2968_t1576765130.jpg","url":"https:\/\/www.lafit.cz\/wp-content\/uploads\/img_a364141_w2968_t1576765130.jpg","height":0,"width":0},"url":"https:\/\/www.lafit.cz\/vanocni-trhy-v-berline\/","about":["Cestov\u00e1n\u00ed"],"wordCount":483,"articleBody":"Stejn\u011b jako jin\u00e1 m\u011bsta, je\u017e opl\u00fdvaj\u00ed tradicemi a v\u00e1no\u010dn\u00ed atmosf\u00e9rou, nez\u016fst\u00e1v\u00e1 pozadu ani Berl\u00edn, hlavn\u00ed m\u011bsto N\u011bmecka. Hlavn\u00ed m\u011bsto sk\u00fdt\u00e1 na 50 a\u017e 100 v\u00e1no\u010dn\u00edch trh\u016f men\u0161\u00edch i velk\u00fdch, nejzn\u00e1m\u011bj\u0161\u00ed v\u00e1no\u010dn\u00ed trhy v&nbsp;centru m\u011bsta jsou na Gendarmenmarkt, Alexanderplatz, u \u010cerven\u00e9 radnice a u Opery. M\u00e9n\u011b zn\u00e1m\u00e9 trhy naleznete i d\u00e1l od centra ve Spandau a na Luciin\u011b trhu. V\u011bt\u0161ina trh\u016f za\u010dala ji\u017e na konci listopadu a pokra\u010duj\u00ed do \u0160t\u011bdr\u00e9ho dne, jin\u00e9 jsou tu pot\u011bchou a\u017e do nov\u00e9ho roku.&nbsp;Gendarmenmarkt v&nbsp;centru m\u011bsta je v&nbsp;obdob\u00ed adventu nejobl\u00edben\u011bj\u0161\u00edm a nejnav\u0161t\u011bvovan\u011bj\u0161\u00edm m\u00edstem. Naleznete tu mnoho tradi\u010dn\u00edch st\u00e1nk\u016f s&nbsp;kulin\u00e1\u0159sk\u00fdmi specialitami, hork\u00fdmi n\u00e1poji, \u0159emesln\u00fdmi v\u00fdrobky, sklen\u011bn\u00fdmi ozdobami a dal\u0161\u00edmi dekoracemi. Nab\u00edz\u00ed trochu luxusn\u00ed atmosf\u00e9ru s&nbsp;francouzsk\u00fdm n\u00e1dechem s&nbsp;r\u016fzn\u00fdmi hudebn\u00edmi p\u0159edstaven\u00edmi. Ka\u017edop\u00e1dn\u011b vstup na trhy je zdarma pouze od pond\u011bl\u00ed do p\u00e1tku mezi 11 a 14 hodinou, jindy je vstup zpoplatn\u011bn na 1 euro.Tradi\u010dn\u00ed v\u00e1no\u010dn\u00ed trhy jsou i na Alexanderplatz, kde se nach\u00e1z\u00ed i romantick\u00e9 kluzi\u0161t\u011b pro brusla\u0159e. Kousek od t\u011bchto trhu se nach\u00e1z\u00ed zn\u00e1m\u00e1 \u010cerven\u00e1 berl\u00ednsk\u00e1 radnice, kde jsou trhy samoz\u0159ejmost\u00ed. Trhy jsou zde rozlehl\u00e9 a nab\u00edz\u00ed zimn\u00ed kluzi\u0161t\u011b i obrovsk\u00e9 rusk\u00e9 kolo, z&nbsp;n\u011bho\u017e je kr\u00e1sn\u00fd v\u00fdhled na st\u00e1nky i radnici. Opera v&nbsp;zimn\u00edm obdob\u00ed rovn\u011b\u017e nab\u00edz\u00ed n\u00e1v\u0161t\u011bvn\u00edk\u016fm oku\u0161en\u00ed v\u00e1no\u010dn\u00ed atmosf\u00e9ry v&nbsp;podob\u011b st\u00e1nk\u016f v&nbsp;samotn\u00e9 zahrad\u011b p\u0159i Ope\u0159e. V\u0161ude ve st\u00e1nc\u00edch m\u016f\u017eete okusit grilovan\u00e9 n\u011bmeck\u00e9 speciality, kulin\u00e1\u0159sk\u00e9 lah\u016fdky a pit\u00ed na zah\u0159\u00e1t\u00ed. Samoz\u0159ejmost\u00ed jsou st\u00e1nky s&nbsp;dekoracemi a upom\u00ednkov\u00fdmi p\u0159edm\u011bty.Velk\u00fd v\u00e1no\u010dn\u00ed trh se v&nbsp;hlavn\u00edm m\u011bst\u011b nach\u00e1z\u00ed i d\u00e1l od centra ve Spandau. Pro mnoh\u00e9 je pr\u00e1v\u011b tento trh nejp\u016fsobiv\u011bj\u0161\u00ed, a to z&nbsp;toho d\u016fvodu, \u017ee je lok\u00e1ln\u00ed radnice kr\u00e1sn\u011b nasv\u00edcena a ozdobena. Atmosf\u00e9ru V\u00e1noc tu m\u016f\u017eete nad\u00fdchat mezi 250 st\u00e1nky. Trh pojmenovan\u00fd po Lucii je tak\u00e9 d\u00e1l od centra m\u011bsta, av\u0161ak pro svoje um\u00edst\u011bn\u00ed u romantick\u00fdch a bohat\u011b zdoben\u00fdch budov s&nbsp;\u010derven\u00fdmi a \u017elut\u00fdmi cihlami z&nbsp;19. stolet\u00ed b\u00fdv\u00e1 ozna\u010dov\u00e1n za okouzluj\u00edc\u00ed a romantick\u00fd. Mimo jin\u00e9 zde m\u016f\u017eete ochutnat i pochutiny ze Skandin\u00e1vie a \u0160v\u00e9dsk\u00e9 sva\u0159en\u00e9 v\u00edno a pun\u010d.                                                                                                                                                                                                                                                                                                                                                                                        4.5\/5 - (11 votes)        "},{"@context":"https:\/\/schema.org\/","@type":"BreadcrumbList","itemListElement":[{"@type":"ListItem","position":1,"name":"V\u00e1no\u010dn\u00ed trhy v Berl\u00edn\u011b","item":"https:\/\/www.lafit.cz\/vanocni-trhy-v-berline\/#breadcrumbitem"}]}]