[{"@context":"https:\/\/schema.org\/","@type":"Article","@id":"https:\/\/www.lafit.cz\/usijte-si-sve-obleceni\/#Article","mainEntityOfPage":"https:\/\/www.lafit.cz\/usijte-si-sve-obleceni\/","headline":"U\u0161ijte si sv\u00e9 oble\u010den\u00ed","name":"U\u0161ijte si sv\u00e9 oble\u010den\u00ed","description":"Pot\u0159ebujete nebo byste si cht\u011bla nechat n\u011bco u\u0161\u00edt? V obchodech se v\u00e1m oble\u010den\u00ed nel\u00edb\u00ed nebo nikde nem\u016f\u017eete naj\u00edt ten sv\u016fj styl. V obchodech je zbo\u017e\u00ed, kter\u00e9 pr\u00e1v\u011b tak zvan\u011b let\u00ed s dobou. Ale ne ka\u017ed\u00e9mu padne do oka. Oble\u010den\u00ed m\u016f\u017ee m\u00edt r\u016fzn\u00e9 barvy, hlavn\u011b t\u0159eba v\u00fdrazn\u00e9 a\u017e k\u0159iklav\u00e9. D\u00e1le spousta tri\u010dek m\u00e1 potisky, i kdy\u017e [&hellip;]","datePublished":"2024-01-15","dateModified":"2024-01-15","author":{"@type":"Person","@id":"https:\/\/www.lafit.cz\/author\/#Person","name":"","url":"https:\/\/www.lafit.cz\/author\/","identifier":1,"image":{"@type":"ImageObject","@id":"https:\/\/secure.gravatar.com\/avatar\/c0c0e488d5f88ebdb5e32a558e21f6df03f38644814b5677bcd67e16813bee55?s=96&d=mm&r=g","url":"https:\/\/secure.gravatar.com\/avatar\/c0c0e488d5f88ebdb5e32a558e21f6df03f38644814b5677bcd67e16813bee55?s=96&d=mm&r=g","height":96,"width":96}},"publisher":{"@type":"Organization","name":"lafit.cz","logo":{"@type":"ImageObject","@id":"\/logo.png","url":"\/logo.png","width":600,"height":60}},"image":{"@type":"ImageObject","@id":"https:\/\/www.lafit.cz\/wp-content\/uploads\/ashim-d-silva-ZmgJiztRHXE-unsplash.jpg","url":"https:\/\/www.lafit.cz\/wp-content\/uploads\/ashim-d-silva-ZmgJiztRHXE-unsplash.jpg","height":0,"width":0},"url":"https:\/\/www.lafit.cz\/usijte-si-sve-obleceni\/","about":["Business"],"wordCount":445,"articleBody":"   Pot\u0159ebujete nebo byste si cht\u011bla nechat n\u011bco u\u0161\u00edt? V obchodech se v\u00e1m oble\u010den\u00ed nel\u00edb\u00ed nebo nikde nem\u016f\u017eete naj\u00edt ten sv\u016fj styl. V obchodech je zbo\u017e\u00ed, kter\u00e9 pr\u00e1v\u011b tak zvan\u011b let\u00ed s dobou. Ale ne ka\u017ed\u00e9mu padne do oka. Oble\u010den\u00ed m\u016f\u017ee m\u00edt r\u016fzn\u00e9 barvy, hlavn\u011b t\u0159eba v\u00fdrazn\u00e9 a\u017e k\u0159iklav\u00e9. D\u00e1le spousta tri\u010dek m\u00e1 potisky, i kdy\u017e je oble\u010den\u00ed po materi\u00e1ln\u00ed str\u00e1nce skv\u011bl\u00e9, tak ten potisk se v\u00e1m nel\u00edb\u00ed. M\u00e1te sp\u00ed\u0161e rad\u011bji jednodu\u0161\u0161\u00ed, jemn\u00fd styl. A tak jste si \u0159ekli, \u017ee bude nejlep\u0161\u00ed si nechat u\u0161\u00edt nov\u00e9 kalhoty, \u0161aty anebo t\u0159eba i bundy na zak\u00e1zku. Ale kam se obr\u00e1tit? Kdo v\u00e1m va\u0161e oble\u010den\u00ed u\u0161ije? Ur\u010dit\u011b m\u016f\u017eete vyu\u017e\u00edt slu\u017eby krej\u010dov\u00fdch a \u0161vadlen, kde jejich pr\u00e1ce bude opravdu precizn\u00ed.I kdy\u017e se to nezd\u00e1 a m\u016f\u017eete si myslet, \u017ee u\u017e nikdo oble\u010den\u00ed ne\u0161ije, tak se hodn\u011b m\u00fdl\u00edte. Spousta lid\u00ed nakupuje oble\u010den\u00ed v obchodech a taky za dobr\u00fd pen\u00edz. Ale kvalita je taky na \u00fapln\u011b jin\u00e9 \u00farovni, kter\u00e1 v\u00e1m zrovna nemus\u00ed vyhovovat. A hlavn\u011b naj\u00edt pro v\u00e1s velikost, kter\u00e1 v\u00e1m bude komfortn\u00ed je n\u011bkdy taky opravdu probl\u00e9m. Ale pokud jste \u0161ikovn\u00e1, tak si t\u0159eba m\u016f\u017eete u\u0161\u00edt i n\u011bco vy? Hodn\u011b maminek t\u0159eba na rodi\u010dovsk\u00e9 dovolen\u00e9 \u0161ije sv\u00fdm d\u011btem oble\u010den\u00ed. J\u00e1 si nech\u00e1v\u00e1m pro d\u011bti \u0161\u00edt hlavn\u011b softky kalhoty, bundy. Do toho bych si t\u0159eba netroufla, ale takov\u00e9 tri\u010dko nebo tepl\u00e1\u010dky, to nemus\u00ed b\u00fdt zase tak moc t\u011b\u017ek\u00e9.Ale ur\u010dit\u011b budete pot\u0159ebovat n\u011bjak\u00e9 pot\u0159eby k tomu abyste mohla n\u011bco u\u0161\u00edt. Pokud m\u00e1te \u0161ic\u00ed stroj, tak sl\u00e1va, ur\u010dit\u011b budete m\u00edt i nit\u011b, n\u016f\u017eky a dal\u0161\u00ed pot\u0159ebn\u00e9 v\u011bci k \u0161it\u00ed. A pokud ne, tak ur\u010dit\u011b si je m\u016f\u017eete po\u0159\u00eddit v krej\u010dovsk\u00fdch pot\u0159eb\u00e1ch. Tam najdete opravdu v\u0161echno, co k \u0161it\u00edm pot\u0159ebujete. Vyberete si pot\u0159ebn\u00e9 v\u011bci od nit\u00ed po r\u016fzn\u00e9 cvo\u010dky, knofl\u00ed\u010dky a v\u0161eho mo\u017en\u00e9ho. Pak u\u017e jenom po\u010dk\u00e1te, a\u017e v\u00e1m zbo\u017e\u00ed doraz\u00ed a hur\u00e1, m\u016f\u017eeme se pustit do \u0161it\u00ed. Ur\u010dit\u011b nezapome\u0148te na r\u016fzn\u00e9 \u0161ablony pro st\u0159ih\u00e1n\u00ed l\u00e1tky, op\u011bt si pak zm\u011b\u0159\u00edte, jakou velikost pot\u0159ebujete a u\u017e se do toho m\u016f\u017eete pustit.                                                                                                                                                                                                                                                                                                                                                                                          4.3\/5 - (10 votes)        "},{"@context":"https:\/\/schema.org\/","@type":"BreadcrumbList","itemListElement":[{"@type":"ListItem","position":1,"name":"U\u0161ijte si sv\u00e9 oble\u010den\u00ed","item":"https:\/\/www.lafit.cz\/usijte-si-sve-obleceni\/#breadcrumbitem"}]}]