[{"@context":"https:\/\/schema.org\/","@type":"Article","@id":"https:\/\/www.lafit.cz\/pro-nasi-firmu-je-nejdulezitejsi-aby-navrhy-interieru-plne-odpovidaly-vasim-potrebam\/#Article","mainEntityOfPage":"https:\/\/www.lafit.cz\/pro-nasi-firmu-je-nejdulezitejsi-aby-navrhy-interieru-plne-odpovidaly-vasim-potrebam\/","headline":"Pro na\u0161i firmu je nejd\u016fle\u017eit\u011bj\u0161\u00ed, aby n\u00e1vrhy interi\u00e9r\u016f pln\u011b odpov\u00eddaly Va\u0161im pot\u0159eb\u00e1m","name":"Pro na\u0161i firmu je nejd\u016fle\u017eit\u011bj\u0161\u00ed, aby n\u00e1vrhy interi\u00e9r\u016f pln\u011b odpov\u00eddaly Va\u0161im pot\u0159eb\u00e1m","description":"P\u0159em\u00fd\u0161l\u00edte nad zrealizov\u00e1n\u00edm va\u0161ich p\u0159edstav o dokonal\u00e9m bydlen\u00ed? Hled\u00e1te kvalitn\u00ed slu\u017eby? A i kdy\u017e u\u017e m\u00e1te p\u0159edstavy, pot\u0159ebovali byste pomoct se samotnou realizac\u00ed? D\u00e1l u\u017e nemus\u00edte hledat, jsme tu my a na\u0161e n\u00e1vrhy interi\u00e9r\u016f \u0159e\u0161\u00ed \u00fapln\u011b v\u0161e! N\u00e1vrhy interi\u00e9r\u016f Na\u0161e n\u00e1vrhy interi\u00e9r\u016f nejsou oby\u010dejn\u00e9, jak by si mohla v\u011bt\u0161ina lid\u00ed myslet. Na rozd\u00edl od jin\u00fdch [&hellip;]","datePublished":"2025-03-11","dateModified":"2025-03-11","author":{"@type":"Person","@id":"https:\/\/www.lafit.cz\/author\/#Person","name":"","url":"https:\/\/www.lafit.cz\/author\/","identifier":1,"image":{"@type":"ImageObject","@id":"https:\/\/secure.gravatar.com\/avatar\/c0c0e488d5f88ebdb5e32a558e21f6df03f38644814b5677bcd67e16813bee55?s=96&d=mm&r=g","url":"https:\/\/secure.gravatar.com\/avatar\/c0c0e488d5f88ebdb5e32a558e21f6df03f38644814b5677bcd67e16813bee55?s=96&d=mm&r=g","height":96,"width":96}},"publisher":{"@type":"Organization","name":"lafit.cz","logo":{"@type":"ImageObject","@id":"\/logo.png","url":"\/logo.png","width":600,"height":60}},"url":"https:\/\/www.lafit.cz\/pro-nasi-firmu-je-nejdulezitejsi-aby-navrhy-interieru-plne-odpovidaly-vasim-potrebam\/","wordCount":216,"articleBody":"P\u0159em\u00fd\u0161l\u00edte nad zrealizov\u00e1n\u00edm va\u0161ich p\u0159edstav o dokonal\u00e9m bydlen\u00ed? Hled\u00e1te kvalitn\u00ed slu\u017eby? A i kdy\u017e u\u017e m\u00e1te p\u0159edstavy, pot\u0159ebovali byste pomoct se samotnou realizac\u00ed? D\u00e1l u\u017e nemus\u00edte hledat, jsme tu my a na\u0161e n\u00e1vrhy interi\u00e9r\u016f \u0159e\u0161\u00ed \u00fapln\u011b v\u0161e!N\u00e1vrhy interi\u00e9r\u016fNa\u0161e n\u00e1vrhy interi\u00e9r\u016f nejsou oby\u010dejn\u00e9, jak by si mohla v\u011bt\u0161ina lid\u00ed myslet. Na rozd\u00edl od jin\u00fdch se sna\u017e\u00edme se pochopit va\u0161e p\u0159edstavy a p\u0159\u00e1n\u00ed natolik, \u017ee v\u00fdsledek na\u0161\u00ed pr\u00e1ce v\u00e1s naprosto ohrom\u00ed. Je pro n\u00e1s odm\u011bnou, \u017ee v\u00e1m na\u0161e pr\u00e1ce d\u011bl\u00e1 radost a neust\u00e1le v\u00e1s t\u011b\u0161\u00ed. Nechte si navrhnout interi\u00e9r od profesion\u00e1l\u016f i vy a m\u011bjte domov takov\u00fd, jak\u00fd jste si ho v\u017edy p\u0159\u00e1li.V\u00edce za m\u00e9n\u011bNa\u0161e n\u00e1vrhy interi\u00e9r\u016f se v\u00e1m m\u016f\u017eou zal\u00edbit i t\u00edm, \u017ee se finan\u010dn\u011b st\u00e1le v\u00edce vyplat\u00ed, ne\u017e kdybyste experimentovali sami doma. My v\u00e1m za\u0159\u00edd\u00edme realizaci va\u0161ich sn\u016f v takov\u00e9 kvalit\u011b, za kterou by se nemusel styd\u011bt ani sv\u011btov\u00fd p\u0159edn\u00ed design\u00e9r.                                                                                                                                                                                                                                                                                                                                                                                        5\/5 - (1 vote)        "},{"@context":"https:\/\/schema.org\/","@type":"BreadcrumbList","itemListElement":[{"@type":"ListItem","position":1,"name":"Pro na\u0161i firmu je nejd\u016fle\u017eit\u011bj\u0161\u00ed, aby n\u00e1vrhy interi\u00e9r\u016f pln\u011b odpov\u00eddaly Va\u0161im pot\u0159eb\u00e1m","item":"https:\/\/www.lafit.cz\/pro-nasi-firmu-je-nejdulezitejsi-aby-navrhy-interieru-plne-odpovidaly-vasim-potrebam\/#breadcrumbitem"}]}]