[{"@context":"https:\/\/schema.org\/","@type":"Article","@id":"https:\/\/www.lafit.cz\/kratka-navsteva\/#Article","mainEntityOfPage":"https:\/\/www.lafit.cz\/kratka-navsteva\/","headline":"Kr\u00e1tk\u00e1 n\u00e1v\u0161t\u011bva","name":"Kr\u00e1tk\u00e1 n\u00e1v\u0161t\u011bva","description":"Pokud jste se rozhodli, \u017ee nav\u0161t\u00edv\u00edte Olomouck\u00fd kraj na p\u00e1r dn\u00ed a hled\u00e1te n\u011bjakou ubikaci, kde byste se mohli v\u00a0klidu naj\u00edst a um\u00fdt, potom se n\u00e1m ur\u010dit\u011b ozv\u011bte a my V\u00e1m nab\u00eddneme \u0159e\u0161en\u00ed, kter\u00e9 snad ani nelze odm\u00edtnout. Na\u0161e levn\u00e9 ubytov\u00e1n\u00ed prost\u011bjov V\u00e1m toho nab\u00edz\u00ed opravdu hodn\u011b, proto pokud chcete o n\u00e1mi nab\u00edzen\u00e9 ubikaci v\u011bd\u011bt [&hellip;]","datePublished":"2023-12-28","dateModified":"2023-12-28","author":{"@type":"Person","@id":"https:\/\/www.lafit.cz\/author\/#Person","name":"","url":"https:\/\/www.lafit.cz\/author\/","identifier":1,"image":{"@type":"ImageObject","@id":"https:\/\/secure.gravatar.com\/avatar\/c0c0e488d5f88ebdb5e32a558e21f6df03f38644814b5677bcd67e16813bee55?s=96&d=mm&r=g","url":"https:\/\/secure.gravatar.com\/avatar\/c0c0e488d5f88ebdb5e32a558e21f6df03f38644814b5677bcd67e16813bee55?s=96&d=mm&r=g","height":96,"width":96}},"publisher":{"@type":"Organization","name":"lafit.cz","logo":{"@type":"ImageObject","@id":"\/logo.png","url":"\/logo.png","width":600,"height":60}},"url":"https:\/\/www.lafit.cz\/kratka-navsteva\/","wordCount":231,"articleBody":"Pokud jste se rozhodli, \u017ee nav\u0161t\u00edv\u00edte Olomouck\u00fd kraj na p\u00e1r dn\u00ed a hled\u00e1te n\u011bjakou ubikaci, kde byste se mohli v\u00a0klidu naj\u00edst a um\u00fdt, potom se n\u00e1m ur\u010dit\u011b ozv\u011bte a my V\u00e1m nab\u00eddneme \u0159e\u0161en\u00ed, kter\u00e9 snad ani nelze odm\u00edtnout. Na\u0161e levn\u00e9 ubytov\u00e1n\u00ed prost\u011bjov V\u00e1m toho nab\u00edz\u00ed opravdu hodn\u011b, proto pokud chcete o n\u00e1mi nab\u00edzen\u00e9 ubikaci v\u011bd\u011bt co nejv\u00edce, potom se n\u00e1s nebojte. Jestli\u017ee nechcete vyhazovat sv\u00e9 finan\u010dn\u00ed prost\u0159edky za v\u0161elijak\u00e9 hotely, kter\u00e9 jsou v\u00a0dne\u0161n\u00ed dob\u011b opravdu drah\u00e9, potom ur\u010dit\u011b vyu\u017eijte na\u0161ich slu\u017eeb a z\u016fsta\u0148te p\u00e1r noc\u00ed pr\u00e1v\u011b u n\u00e1s.\t\u010cist\u00fd interi\u00e9rJestli\u017ee se rozhodnete, \u017ee nav\u0161t\u00edv\u00edte pr\u00e1v\u011b na\u0161e levn\u00e9 ubytov\u00e1n\u00ed prost\u011bjov, potom nemus\u00edte m\u00edt sebemen\u0161\u00ed obavy z\u00a0toho, \u017ee byste p\u0159ijeli do \u0161pinav\u00e9ho prostoru, kter\u00fd byste nakonec je\u0161t\u011b museli sami uklidit. Na\u0161\u00ed hlavn\u00ed prioritou je Va\u0161e maxim\u00e1ln\u00ed spokojenost, proto pokud se rozhodnete pr\u00e1v\u011b pro n\u00e1s, m\u016f\u017eete se spolehnout na to, \u017ee p\u0159ijedete do velice \u00fatuln\u00e9 a pohledn\u00e9 ubikace, kde m\u016f\u017eete str\u00e1vit velice p\u011bkn\u00fd \u010das v\u00a0bl\u00edzkosti t\u011bch nejkr\u00e1sn\u011bj\u0161\u00edch m\u011bst.                                                                                                                                                                                                                                                                                                                                                                                        4.2\/5 - (12 votes)        "},{"@context":"https:\/\/schema.org\/","@type":"BreadcrumbList","itemListElement":[{"@type":"ListItem","position":1,"name":"Kr\u00e1tk\u00e1 n\u00e1v\u0161t\u011bva","item":"https:\/\/www.lafit.cz\/kratka-navsteva\/#breadcrumbitem"}]}]