{"@context":"https:\/\/schema.org\/","@type":"CollectionPage","@id":"https:\/\/www.lafit.cz\/dum-a-byt\/#CollectionPage","headline":"D\u016fm a byt Category","description":"","url":"https:\/\/www.lafit.cz\/dum-a-byt\/","hasPart":[{"@type":"Article","@id":"https:\/\/www.lafit.cz\/stylovy-design\/","headline":"Stylov\u00fd design","url":"https:\/\/www.lafit.cz\/stylovy-design\/","datePublished":"2025-12-22","dateModified":"2025-12-22","mainEntityOfPage":"https:\/\/www.lafit.cz\/stylovy-design\/","author":{"@type":"Person","@id":"https:\/\/www.lafit.cz\/author\/#Person","name":"","url":"https:\/\/www.lafit.cz\/author\/","identifier":1,"image":{"@type":"ImageObject","@id":"https:\/\/secure.gravatar.com\/avatar\/c0c0e488d5f88ebdb5e32a558e21f6df03f38644814b5677bcd67e16813bee55?s=96&d=mm&r=g","url":"https:\/\/secure.gravatar.com\/avatar\/c0c0e488d5f88ebdb5e32a558e21f6df03f38644814b5677bcd67e16813bee55?s=96&d=mm&r=g","height":96,"width":96}},"publisher":{"@type":"Organization","name":"lafit.cz","logo":{"@type":"ImageObject","@id":"\/logo.png","url":"\/logo.png","width":600,"height":60}},"image":{"@type":"ImageObject","@id":"https:\/\/www.lafit.cz\/wp-content\/uploads\/startup-3267505_640_1.jpg","url":"https:\/\/www.lafit.cz\/wp-content\/uploads\/startup-3267505_640_1.jpg","height":0,"width":0},"keywords":null},{"@type":"Article","@id":"https:\/\/www.lafit.cz\/hypoteka-je-jistota\/","headline":"Hypot\u00e9ka je jistota","url":"https:\/\/www.lafit.cz\/hypoteka-je-jistota\/","datePublished":"2021-03-19","dateModified":"2023-05-07","mainEntityOfPage":"https:\/\/www.lafit.cz\/hypoteka-je-jistota\/","author":{"@type":"Person","@id":"https:\/\/www.lafit.cz\/author\/#Person","name":"","url":"https:\/\/www.lafit.cz\/author\/","identifier":1,"image":{"@type":"ImageObject","@id":"https:\/\/secure.gravatar.com\/avatar\/c0c0e488d5f88ebdb5e32a558e21f6df03f38644814b5677bcd67e16813bee55?s=96&d=mm&r=g","url":"https:\/\/secure.gravatar.com\/avatar\/c0c0e488d5f88ebdb5e32a558e21f6df03f38644814b5677bcd67e16813bee55?s=96&d=mm&r=g","height":96,"width":96}},"publisher":{"@type":"Organization","name":"lafit.cz","logo":{"@type":"ImageObject","@id":"\/logo.png","url":"\/logo.png","width":600,"height":60}},"image":{"@type":"ImageObject","@id":"https:\/\/www.lafit.cz\/wp-content\/uploads\/mince%20na%20stole_6.jpg","url":"https:\/\/www.lafit.cz\/wp-content\/uploads\/mince%20na%20stole_6.jpg","height":0,"width":0},"keywords":null},{"@type":"Article","@id":"https:\/\/www.lafit.cz\/jmeli-je-lecive-i-jedovate\/","headline":"Jmel\u00ed je l\u00e9\u010div\u00e9 i jedovat\u00e9","url":"https:\/\/www.lafit.cz\/jmeli-je-lecive-i-jedovate\/","datePublished":"2019-11-09","dateModified":"2023-05-07","mainEntityOfPage":"https:\/\/www.lafit.cz\/jmeli-je-lecive-i-jedovate\/","author":{"@type":"Person","@id":"https:\/\/www.lafit.cz\/author\/#Person","name":"","url":"https:\/\/www.lafit.cz\/author\/","identifier":1,"image":{"@type":"ImageObject","@id":"https:\/\/secure.gravatar.com\/avatar\/c0c0e488d5f88ebdb5e32a558e21f6df03f38644814b5677bcd67e16813bee55?s=96&d=mm&r=g","url":"https:\/\/secure.gravatar.com\/avatar\/c0c0e488d5f88ebdb5e32a558e21f6df03f38644814b5677bcd67e16813bee55?s=96&d=mm&r=g","height":96,"width":96}},"publisher":{"@type":"Organization","name":"lafit.cz","logo":{"@type":"ImageObject","@id":"\/logo.png","url":"\/logo.png","width":600,"height":60}},"image":{"@type":"ImageObject","@id":"https:\/\/www.lafit.cz\/wp-content\/uploads\/img_a359325_w3357_t1573327222.jpg","url":"https:\/\/www.lafit.cz\/wp-content\/uploads\/img_a359325_w3357_t1573327222.jpg","height":0,"width":0},"keywords":null},{"@type":"Article","@id":"https:\/\/www.lafit.cz\/pravy-cas-na-vlastni-bydleni-ano\/","headline":"Prav\u00fd \u010das na vlastn\u00ed bydlen\u00ed? Ano!","url":"https:\/\/www.lafit.cz\/pravy-cas-na-vlastni-bydleni-ano\/","datePublished":"2019-11-05","dateModified":"2023-05-07","mainEntityOfPage":"https:\/\/www.lafit.cz\/pravy-cas-na-vlastni-bydleni-ano\/","author":{"@type":"Person","@id":"https:\/\/www.lafit.cz\/author\/#Person","name":"","url":"https:\/\/www.lafit.cz\/author\/","identifier":1,"image":{"@type":"ImageObject","@id":"https:\/\/secure.gravatar.com\/avatar\/c0c0e488d5f88ebdb5e32a558e21f6df03f38644814b5677bcd67e16813bee55?s=96&d=mm&r=g","url":"https:\/\/secure.gravatar.com\/avatar\/c0c0e488d5f88ebdb5e32a558e21f6df03f38644814b5677bcd67e16813bee55?s=96&d=mm&r=g","height":96,"width":96}},"publisher":{"@type":"Organization","name":"lafit.cz","logo":{"@type":"ImageObject","@id":"\/logo.png","url":"\/logo.png","width":600,"height":60}},"image":{"@type":"ImageObject","@id":"https:\/\/www.lafit.cz\/wp-content\/uploads\/img_a343211_w2923_t1556368405.jpg","url":"https:\/\/www.lafit.cz\/wp-content\/uploads\/img_a343211_w2923_t1556368405.jpg","height":0,"width":0},"keywords":null},{"@type":"Article","@id":"https:\/\/www.lafit.cz\/na-co-si-dat-pozor-pri-pokladce-obkladu-z-umeleho-kamene\/","headline":"Na co si d\u00e1t pozor p\u0159i pokl\u00e1dce obkladu z um\u011bl\u00e9ho kamene","url":"https:\/\/www.lafit.cz\/na-co-si-dat-pozor-pri-pokladce-obkladu-z-umeleho-kamene\/","datePublished":"2018-11-12","dateModified":"2023-05-07","mainEntityOfPage":"https:\/\/www.lafit.cz\/na-co-si-dat-pozor-pri-pokladce-obkladu-z-umeleho-kamene\/","author":{"@type":"Person","@id":"https:\/\/www.lafit.cz\/author\/#Person","name":"","url":"https:\/\/www.lafit.cz\/author\/","identifier":1,"image":{"@type":"ImageObject","@id":"https:\/\/secure.gravatar.com\/avatar\/c0c0e488d5f88ebdb5e32a558e21f6df03f38644814b5677bcd67e16813bee55?s=96&d=mm&r=g","url":"https:\/\/secure.gravatar.com\/avatar\/c0c0e488d5f88ebdb5e32a558e21f6df03f38644814b5677bcd67e16813bee55?s=96&d=mm&r=g","height":96,"width":96}},"publisher":{"@type":"Organization","name":"lafit.cz","logo":{"@type":"ImageObject","@id":"\/logo.png","url":"\/logo.png","width":600,"height":60}},"image":{"@type":"ImageObject","@id":"https:\/\/www.lafit.cz\/wp-content\/uploads\/img_a333822_w1737_t1547323819.jpg","url":"https:\/\/www.lafit.cz\/wp-content\/uploads\/img_a333822_w1737_t1547323819.jpg","height":0,"width":0},"keywords":null},{"@type":"Article","@id":"https:\/\/www.lafit.cz\/s-novym-osvetlenim-k-lepsim-vytvorum-v-kuchyni\/","headline":"S nov\u00fdm osv\u011btlen\u00edm k lep\u0161\u00edm v\u00fdtvor\u016fm v kuchyni","url":"https:\/\/www.lafit.cz\/s-novym-osvetlenim-k-lepsim-vytvorum-v-kuchyni\/","datePublished":"2018-08-18","dateModified":"2024-05-27","mainEntityOfPage":"https:\/\/www.lafit.cz\/s-novym-osvetlenim-k-lepsim-vytvorum-v-kuchyni\/","author":{"@type":"Person","@id":"https:\/\/www.lafit.cz\/author\/#Person","name":"","url":"https:\/\/www.lafit.cz\/author\/","identifier":1,"image":{"@type":"ImageObject","@id":"https:\/\/secure.gravatar.com\/avatar\/c0c0e488d5f88ebdb5e32a558e21f6df03f38644814b5677bcd67e16813bee55?s=96&d=mm&r=g","url":"https:\/\/secure.gravatar.com\/avatar\/c0c0e488d5f88ebdb5e32a558e21f6df03f38644814b5677bcd67e16813bee55?s=96&d=mm&r=g","height":96,"width":96}},"publisher":{"@type":"Organization","name":"lafit.cz","logo":{"@type":"ImageObject","@id":"\/logo.png","url":"\/logo.png","width":600,"height":60}},"image":{"@type":"ImageObject","@id":"https:\/\/www.lafit.cz\/wp-content\/uploads\/img_a324137_w1890_t1535874276.jpg","url":"https:\/\/www.lafit.cz\/wp-content\/uploads\/img_a324137_w1890_t1535874276.jpg","height":0,"width":0},"keywords":null},{"@type":"Article","@id":"https:\/\/www.lafit.cz\/ani-sviceni-neni-zadarmo\/","headline":"Ani sv\u00edcen\u00ed nen\u00ed zadarmo","url":"https:\/\/www.lafit.cz\/ani-sviceni-neni-zadarmo\/","datePublished":"2017-04-03","dateModified":"2023-05-07","mainEntityOfPage":"https:\/\/www.lafit.cz\/ani-sviceni-neni-zadarmo\/","author":{"@type":"Person","@id":"https:\/\/www.lafit.cz\/author\/#Person","name":"","url":"https:\/\/www.lafit.cz\/author\/","identifier":1,"image":{"@type":"ImageObject","@id":"https:\/\/secure.gravatar.com\/avatar\/c0c0e488d5f88ebdb5e32a558e21f6df03f38644814b5677bcd67e16813bee55?s=96&d=mm&r=g","url":"https:\/\/secure.gravatar.com\/avatar\/c0c0e488d5f88ebdb5e32a558e21f6df03f38644814b5677bcd67e16813bee55?s=96&d=mm&r=g","height":96,"width":96}},"publisher":{"@type":"Organization","name":"lafit.cz","logo":{"@type":"ImageObject","@id":"\/logo.png","url":"\/logo.png","width":600,"height":60}},"image":{"@type":"ImageObject","@id":"https:\/\/www.lafit.cz\/wp-content\/uploads\/img_a287732_w2036_t1498319600.jpg","url":"https:\/\/www.lafit.cz\/wp-content\/uploads\/img_a287732_w2036_t1498319600.jpg","height":0,"width":0},"keywords":null}]}